{"id":20,"date":"2016-12-31T17:57:11","date_gmt":"2016-12-31T16:57:11","guid":{"rendered":"http:\/\/hk47.aba-sd.info\/?p=20"},"modified":"2019-02-20T11:51:33","modified_gmt":"2019-02-20T10:51:33","slug":"supports-de-cours-et-formations","status":"publish","type":"post","link":"https:\/\/aba-sd.info\/?p=20","title":{"rendered":"Supports de cours et formations"},"content":{"rendered":"<blockquote>\n<p style=\"text-align: left;\"><span style=\"color: #ff6600;\"><strong>Supports de cours &#8211; Paris Descartes &#8211; Licence professionnelle<\/strong><\/span><\/p>\n<\/blockquote>\n<p style=\"text-align: justify; font-weight: normal;\">Les documents ci-dessous sont les supports de cours de la Licence Professionnelle de l&rsquo;universit\u00e9 Paris 5 (Descartes).<\/p>\n<p style=\"text-align: justify; font-weight: bold;\">Bases de l&rsquo;ABA &#8211; Cours de Maud Collinet<\/p>\n<p style=\"text-align: justify;\">Ce cours a \u00e9t\u00e9 pr\u00e9par\u00e9 par Maud Collinet, Psychologue sp\u00e9cialis\u00e9e en ABA, \u00e0 destination des \u00e9tudiants de la Licence Professionnelle<\/p>\n<p style=\"text-align: justify;\">T\u00e9l\u00e9charger <a href=\"documents\/Presentation_ABA_LP_Maud_Collinet.pdf\" target=\"_blank\" rel=\"noopener\"><strong>ici<\/strong><\/a> la pr\u00e9sentation powerpoint<\/p>\n<p style=\"text-align: justify; font-weight: bold;\">Analyse fonctionnelle des Comportements Verbaux &#8211; Cours 1<\/p>\n<p style=\"text-align: justify; font-weight: normal;\">Bases de l&rsquo;analyse fonctionnelle des Comportements Verbaux de Skinner (1957)<\/p>\n<p style=\"text-align: justify; font-weight: normal;\">Comparaison des modalit\u00e9s Signes \/ PECS<\/p>\n<p style=\"text-align: justify; font-weight: normal;\">Pr\u00e9sentation ABLLS-R \/ VB-MAPP<\/p>\n<p style=\"text-align: justify;\">T\u00e9l\u00e9charger <a style=\"font-weight: bold;\" href=\"documents\/licence_pro_vb1.pdf\" target=\"_blank\" rel=\"noopener\">ici<\/a><\/p>\n<p style=\"text-align: justify; font-weight: bold;\">Analyse fonctionnelle des Comportements Verbaux &#8211; Cours 2<\/p>\n<p style=\"text-align: justify; font-weight: normal;\">Techniques d&rsquo;Enseignement des Comportements Verbaux<\/p>\n<p style=\"text-align: justify; font-weight: normal;\">Proc\u00e9dures de Correction d&rsquo;Erreurs<\/p>\n<p style=\"text-align: justify;\">T\u00e9l\u00e9charger<a href=\"documents\/licence_pro_vb2.pdf\" target=\"_blank\" rel=\"noopener\"><span style=\"font-weight: bold;\"> ici<\/span><\/a><\/p>\n<p style=\"text-align: justify; font-weight: normal;\"><span style=\"font-weight: bold;\">Analyse Fonctionnelle des Comportements Probl\u00e8mes &#8211; Cours 1 <\/span><\/p>\n<p style=\"text-align: justify; font-weight: normal;\">Pr\u00e9sentation des diff\u00e9rents types d&rsquo;Analyses Fonctionnelles<\/p>\n<p style=\"text-align: justify; font-weight: normal;\">Pratiques r\u00e9actives<\/p>\n<p style=\"text-align: justify;\">T\u00e9l\u00e9charger<a href=\"documents\/licence_pro_pb_cpt_1.pdf\" target=\"_blank\" rel=\"noopener\"><span style=\"font-weight: bold;\"> ici<\/span><\/a><\/p>\n<p style=\"text-align: justify; font-weight: bold;\">Analyse Fonctionnelle des Comportements Probl\u00e8mes\u00a0&#8211; Cours 2<\/p>\n<p style=\"text-align: justify; font-weight: normal;\">Pratiques proactives<\/p>\n<p style=\"text-align: justify; font-weight: normal;\">Enseignement aux Adultes<\/p>\n<p style=\"text-align: justify; font-weight: normal;\">T\u00e9l\u00e9charger <a href=\"documents\/licence_pro_pb_cpt_2.pdf\" target=\"_blank\" rel=\"noopener\"><span style=\"font-weight: bold;\">ici<\/span><\/a><\/p>\n<p style=\"text-align: justify; font-weight: normal;\"><a href=\"documents\/licence_pro_pb_cpt_2.pdf\"><span style=\"font-weight: bold;\">\u00a0<\/span><\/a><\/p>\n<hr \/>\n<blockquote>\n<p style=\"text-align: justify;\"><span style=\"color: #ff6600;\"><strong>Supports de cours &#8211; DU Lille<\/strong><\/span><\/p>\n<\/blockquote>\n<p style=\"text-align: justify;\">Les documents ci-dessous sont ceux que je donnais aux \u00e9tudiants suivant la formation du Dipl\u00f4me Universitaire \u00ab\u00a0ABA\u00a0\u00bb \u00e0 Lille. Le niveau de ces cours est plus \u00e9lev\u00e9 que celui des cours de la licence professionnelle.<\/p>\n<p style=\"text-align: justify;\"><strong>Bases de l&rsquo;ABA et m\u00e9thodologie &#8211; Cours 1<\/strong><\/p>\n<p style=\"text-align: justify;\">Que sont les comportements ? Quelles lois les r\u00e9gissent ? Comment les mesurer ? Comment interpr\u00e9ter des graphiques ?<\/p>\n<p style=\"text-align: justify;\">T\u00e9l\u00e9charger<a href=\"documents\/cours_aba_methodo_1.pdf\" target=\"_blank\" rel=\"noopener\"><strong> ici<\/strong><\/a><\/p>\n<p style=\"text-align: justify;\"><strong>Bases de l&rsquo;ABA et m\u00e9thodologie &#8211; Cours 2<\/strong><\/p>\n<p style=\"text-align: justify;\">Economies de jetons &#8211; Contrats de comportements &#8211; Am\u00e9nagement \u00e9cologique &#8211; D\u00e9sensibilisation syst\u00e9matique &#8211; Auto-gestion (self-management) et programmes d&rsquo;activit\u00e9s (activity books)<\/p>\n<p style=\"text-align: justify;\">T\u00e9l\u00e9charger<a href=\"documents\/cours_aba_methodo_2.pdf\" target=\"_blank\" rel=\"noopener\"><strong> ici<\/strong><\/a><\/p>\n<p style=\"text-align: justify;\"><strong>Comportements Verbaux &#8211; Cours 1<\/strong><\/p>\n<p style=\"text-align: justify;\">Pr\u00e9sentation de l&rsquo;approche fonctionnelle du langage selon Skinner (Verbal Behavior, 1957) &#8211; Distinctions entre les diff\u00e9rents op\u00e9rants verbaux<\/p>\n<p style=\"text-align: justify;\">T\u00e9l\u00e9charger<a href=\"documents\/cours_aba_vb_1.pdf\" target=\"_blank\" rel=\"noopener\"><strong> ici<\/strong><\/a><\/p>\n<p style=\"text-align: justify;\"><strong>Comportements Verbaux &#8211; Cours 2<\/strong><\/p>\n<p style=\"text-align: justify;\">Establishing\/Motivating Operations (EO\/MO) &#8211; Manipulations des EO pour l&rsquo;enseignement du langage &#8211; Langue des signes &#8211; PECS<\/p>\n<p style=\"text-align: justify;\">T\u00e9l\u00e9charger <a href=\"documents\/cours_aba_vb_2.pdf\" target=\"_blank\" rel=\"noopener\"><strong>ici<\/strong><\/a><\/p>\n<hr \/>\n<blockquote>\n<p style=\"text-align: justify;\"><span style=\"color: #ff6600;\"><strong>Formations &#8211; Congr\u00e8s<\/strong><\/span><\/p>\n<\/blockquote>\n<p style=\"text-align: justify;\"><span style=\"font-weight: bold; color: #ff6600;\">Novembre 2008 &#8211; Congr\u00e8s d&rsquo;Autisme France<\/span><\/p>\n<p style=\"text-align: justify;\">Fichier pdf de la pr\u00e9sentation (<a href=\"documents\/congres_interactions_sociales_af_nov_2008.pdf\" target=\"_blank\" rel=\"noopener\"><strong>ici<\/strong><\/a>) et article (<a href=\"documents\/congres_interactions_sociales_article.pdf\" target=\"_blank\" rel=\"noopener\"><strong>ici<\/strong><\/a>) &#8211; Correspondants \u00e0 la pr\u00e9sentation sur le \u00ab\u00a0d\u00e9veloppement des interactions sociales d\u2019enfants atteints d\u2019autisme avec leurs pairs dans le cadre de l\u2019inclusion en milieu ordinaire\u00a0\u00bb<\/p>\n<p>.<\/p>\n","protected":false},"excerpt":{"rendered":"<p>Supports de cours &#8211; Paris Descartes &#8211; Licence professionnelle Les documents ci-dessous sont les supports de cours de la Licence Professionnelle de l&rsquo;universit\u00e9 Paris 5 (Descartes). Bases de l&rsquo;ABA &#8211; Cours de Maud Collinet Ce cours a \u00e9t\u00e9 pr\u00e9par\u00e9 par Maud Collinet, Psychologue sp\u00e9cialis\u00e9e en ABA, \u00e0 destination des \u00e9tudiants de la Licence Professionnelle T\u00e9l\u00e9charger [&hellip;]<\/p>\n","protected":false},"author":1,"featured_media":0,"comment_status":"closed","ping_status":"closed","sticky":false,"template":"","format":"standard","meta":[],"categories":[29],"tags":[],"_links":{"self":[{"href":"https:\/\/aba-sd.info\/index.php?rest_route=\/wp\/v2\/posts\/20"}],"collection":[{"href":"https:\/\/aba-sd.info\/index.php?rest_route=\/wp\/v2\/posts"}],"about":[{"href":"https:\/\/aba-sd.info\/index.php?rest_route=\/wp\/v2\/types\/post"}],"author":[{"embeddable":true,"href":"https:\/\/aba-sd.info\/index.php?rest_route=\/wp\/v2\/users\/1"}],"replies":[{"embeddable":true,"href":"https:\/\/aba-sd.info\/index.php?rest_route=%2Fwp%2Fv2%2Fcomments&post=20"}],"version-history":[{"count":5,"href":"https:\/\/aba-sd.info\/index.php?rest_route=\/wp\/v2\/posts\/20\/revisions"}],"predecessor-version":[{"id":415,"href":"https:\/\/aba-sd.info\/index.php?rest_route=\/wp\/v2\/posts\/20\/revisions\/415"}],"wp:attachment":[{"href":"https:\/\/aba-sd.info\/index.php?rest_route=%2Fwp%2Fv2%2Fmedia&parent=20"}],"wp:term":[{"taxonomy":"category","embeddable":true,"href":"https:\/\/aba-sd.info\/index.php?rest_route=%2Fwp%2Fv2%2Fcategories&post=20"},{"taxonomy":"post_tag","embeddable":true,"href":"https:\/\/aba-sd.info\/index.php?rest_route=%2Fwp%2Fv2%2Ftags&post=20"}],"curies":[{"name":"wp","href":"https:\/\/api.w.org\/{rel}","templated":true}]}}